{"id":2176,"date":"2013-03-21T08:12:44","date_gmt":"2013-03-21T07:12:44","guid":{"rendered":"https:\/\/consparigi.esteri.it\/news\/dal_consolato\/2013\/03\/miur1\/"},"modified":"2013-03-21T08:12:44","modified_gmt":"2013-03-21T07:12:44","slug":"miur1","status":"publish","type":"post","link":"https:\/\/consparigi.esteri.it\/it\/news\/dal_consolato\/2013\/03\/miur1\/","title":{"rendered":"Anticipazione immatricolazione studenti stranieri presso Universit\u00e0 italiane\u00a0e istituzioni AFAM per l&#8217;anno accademico 2013-2014."},"content":{"rendered":"<p><P>Si informa che il MIUR (Ministero dell&#8217;Istruzione Universit\u00e0 e Ricerca) ha anticipato alla data del 21 marzo 2013 la raccolta delle domande di preiscrizione alle Universit\u00e0 italiane e alle istituzioni AFAM presentate da cittadini stranieri per l&#8217;anno accademico 2013-2014. La scadenza \u00e8 fissata per il 21 giugno 2013. Si ricorda che il calendario degli adempimenti, il contingente dei posti riservati a cittadini stranieri per l&#8217;anno accademico 2013-2014 ed il testo aggiornato delle disposizioni interministeriali saranno pubblicati nei prossimi giorni sul sito web del MIUR, all&#8217;indirizzo <A href=\"http:\/\/www.studiare-in-italia.it\/studentistranieri\/calendar.html\">http:\/\/www.studiare-in-italia.it\/studentistranieri\/calendar.html<\/A> <\/P><P>\u00a0<\/P><\/p>\n","protected":false},"excerpt":{"rendered":"Si informa che il MIUR (Ministero dell&#8217;Istruzione Universit\u00e0 e Ricerca) ha anticipato alla data del 21 marzo 2013 la raccolta delle domande di preiscrizione alle Universit\u00e0 italiane e alle istituzioni AFAM presentate da cittadini stranieri per l&#8217;anno accademico 2013-2014. La scadenza \u00e8 fissata per il 21 giugno 2013. Si ricorda che il calendario degli adempimenti, [&hellip;]","protected":false},"author":1,"featured_media":0,"comment_status":"","ping_status":"","sticky":false,"template":"","format":"standard","meta":{"footnotes":""},"tags":[],"class_list":["post-2176","post","type-post","status-publish","format-standard","hentry"],"_links":{"self":[{"href":"https:\/\/consparigi.esteri.it\/it\/wp-json\/wp\/v2\/posts\/2176","targetHints":{"allow":["GET"]}}],"collection":[{"href":"https:\/\/consparigi.esteri.it\/it\/wp-json\/wp\/v2\/posts"}],"about":[{"href":"https:\/\/consparigi.esteri.it\/it\/wp-json\/wp\/v2\/types\/post"}],"author":[{"embeddable":true,"href":"https:\/\/consparigi.esteri.it\/it\/wp-json\/wp\/v2\/users\/1"}],"replies":[{"embeddable":true,"href":"https:\/\/consparigi.esteri.it\/it\/wp-json\/wp\/v2\/comments?post=2176"}],"version-history":[{"count":0,"href":"https:\/\/consparigi.esteri.it\/it\/wp-json\/wp\/v2\/posts\/2176\/revisions"}],"wp:attachment":[{"href":"https:\/\/consparigi.esteri.it\/it\/wp-json\/wp\/v2\/media?parent=2176"}],"wp:term":[{"taxonomy":"post_tag","embeddable":true,"href":"https:\/\/consparigi.esteri.it\/it\/wp-json\/wp\/v2\/tags?post=2176"}],"curies":[{"name":"wp","href":"https:\/\/api.w.org\/{rel}","templated":true}]}}